{"id":137,"date":"2012-05-22T10:35:14","date_gmt":"2012-05-22T09:35:14","guid":{"rendered":"http:\/\/www.imparato.be\/emile\/?p=137"},"modified":"2012-05-22T10:35:14","modified_gmt":"2012-05-22T09:35:14","slug":"encore-une-aberration-du-droit-de-propriete-intellectuelle-le-plan-du-metro-de-paris","status":"publish","type":"post","link":"https:\/\/www.imparato.be\/emile\/2012\/05\/22\/encore-une-aberration-du-droit-de-propriete-intellectuelle-le-plan-du-metro-de-paris\/","title":{"rendered":"Encore une aberration du droit de propri\u00e9t\u00e9 intellectuelle: le plan du m\u00e9tro de Paris"},"content":{"rendered":"<p>Dans <a title=\"http:\/\/www.slate.fr\/story\/46689\/votez-carte-metro-paris\" href=\"http:\/\/www.slate.fr\/story\/46689\/votez-carte-metro-paris\">ce tr\u00e8s bon article<\/a>, on explique que le plan du m\u00e9tro de Paris (RATP) est prot\u00e9g\u00e9 par copyright!<\/p>\n<p>Voil\u00e0 encore une aberration qui vise \u00e0 faire croire que ce plan est une oeuvre d&rsquo;art ou que sais-je qui doive \u00eatre prot\u00e9g\u00e9e. Mais les usagers les plus fr\u00e9quents du m\u00e9tro n&rsquo;ont-ils pas tout ou partie de ce plan en t\u00eate? N&rsquo;est-ce pas l\u00e0, une donn\u00e9e fondamentalement publique? Le but de cette protection ne semble que purement mercantile, pour bloquer la concurrence \u00e9ventuelle et s&rsquo;adjuger des monopoles&#8230;<\/p>\n<p>Heureusement, on peut la contourner en faisant son propre plan, et qui sait ce plan-l\u00e0 sera-t-il meilleur, mieux d\u00e9tailler ou plus simple \u00e0 lire, mais surtout libre de droit!<\/p>\n<p>Pareil pour les horaires: ces infos sont placard\u00e9es dans toutes les stations et utiles aux usagers? Est-ce normal de prot\u00e9ger les horaires des m\u00e9tros par copyright? L&rsquo;ouverture dans ce cas, ne peut \u00eatre qu&rsquo;une \u00e9volution positive qui profite \u00e0 tous.<\/p>\n<p><a href=\"http:\/\/www.slate.fr\/story\/46689\/votez-carte-metro-paris\">http:\/\/www.slate.fr\/story\/46689\/votez-carte-metro-paris<\/a><\/p>\n","protected":false},"excerpt":{"rendered":"<p>Dans ce tr\u00e8s bon article, on explique que le plan du m\u00e9tro de Paris (RATP) est prot\u00e9g\u00e9 par copyright! Voil\u00e0 encore une aberration qui vise \u00e0 faire croire que ce plan est une oeuvre d&rsquo;art ou que sais-je qui doive \u00eatre prot\u00e9g\u00e9e. Mais les usagers les plus fr\u00e9quents du m\u00e9tro n&rsquo;ont-ils pas tout ou partie &hellip; <\/p>\n<p class=\"link-more\"><a href=\"https:\/\/www.imparato.be\/emile\/2012\/05\/22\/encore-une-aberration-du-droit-de-propriete-intellectuelle-le-plan-du-metro-de-paris\/\" class=\"more-link\">Continuer la lecture<span class=\"screen-reader-text\"> de &laquo;&nbsp;Encore une aberration du droit de propri\u00e9t\u00e9 intellectuelle: le plan du m\u00e9tro de Paris&nbsp;&raquo;<\/span><\/a><\/p>\n","protected":false},"author":1,"featured_media":0,"comment_status":"open","ping_status":"open","sticky":false,"template":"","format":"standard","meta":{"footnotes":""},"categories":[7,4],"tags":[22,36],"class_list":["post-137","post","type-post","status-publish","format-standard","hentry","category-actu","category-divers","tag-copyright","tag-metro"],"_links":{"self":[{"href":"https:\/\/www.imparato.be\/emile\/wp-json\/wp\/v2\/posts\/137","targetHints":{"allow":["GET"]}}],"collection":[{"href":"https:\/\/www.imparato.be\/emile\/wp-json\/wp\/v2\/posts"}],"about":[{"href":"https:\/\/www.imparato.be\/emile\/wp-json\/wp\/v2\/types\/post"}],"author":[{"embeddable":true,"href":"https:\/\/www.imparato.be\/emile\/wp-json\/wp\/v2\/users\/1"}],"replies":[{"embeddable":true,"href":"https:\/\/www.imparato.be\/emile\/wp-json\/wp\/v2\/comments?post=137"}],"version-history":[{"count":1,"href":"https:\/\/www.imparato.be\/emile\/wp-json\/wp\/v2\/posts\/137\/revisions"}],"predecessor-version":[{"id":138,"href":"https:\/\/www.imparato.be\/emile\/wp-json\/wp\/v2\/posts\/137\/revisions\/138"}],"wp:attachment":[{"href":"https:\/\/www.imparato.be\/emile\/wp-json\/wp\/v2\/media?parent=137"}],"wp:term":[{"taxonomy":"category","embeddable":true,"href":"https:\/\/www.imparato.be\/emile\/wp-json\/wp\/v2\/categories?post=137"},{"taxonomy":"post_tag","embeddable":true,"href":"https:\/\/www.imparato.be\/emile\/wp-json\/wp\/v2\/tags?post=137"}],"curies":[{"name":"wp","href":"https:\/\/api.w.org\/{rel}","templated":true}]}}