{"id":12,"date":"2012-02-07T18:27:55","date_gmt":"2012-02-07T18:27:55","guid":{"rendered":"http:\/\/www.imparato.be\/emile\/?p=12"},"modified":"2012-02-07T18:27:55","modified_gmt":"2012-02-07T18:27:55","slug":"11c","status":"publish","type":"post","link":"https:\/\/www.imparato.be\/emile\/2012\/02\/07\/11c\/","title":{"rendered":"-11\u00b0C !"},"content":{"rendered":"<p><a href=\"http:\/\/www.imparato.be\/emile\/wp-content\/uploads\/2012\/02\/IMG_5536-small.jpg\"><img loading=\"lazy\" decoding=\"async\" class=\"alignnone size-full wp-image-13\" title=\"Minus 11\" src=\"http:\/\/www.imparato.be\/emile\/wp-content\/uploads\/2012\/02\/IMG_5536-small.jpg\" alt=\"\" width=\"300\" height=\"207\" \/><\/a><\/p>\n<p>La temp\u00e9rature ce matin \u00e0 Bruxelles! C&rsquo;est vraiment froid!<\/p>\n<p>Apr\u00e8s un d\u00e9but d&rsquo;hiver cl\u00e9ment, limite inqui\u00e9tant avec des temp\u00e9ratures de 14\u00b0 en plein d\u00e9cembre, on croyait avoir chauss\u00e9 les pneus neige pour rien. Et bien, non! Toute l&rsquo;Europe se g\u00e8le, et Bruxelles ne fait pas exception. En g\u00e9n\u00e9ral, notre bonne vieille capitale fait plut\u00f4t exception en \u00e9t\u00e9 quand toute l&rsquo;Europe \u00e9touffe et nous on plafonne \u00e0 14\u00b0C \ud83d\ude42 L\u00e0 on est solidaires.<\/p>\n<p>Emile<\/p>\n","protected":false},"excerpt":{"rendered":"<p>La temp\u00e9rature ce matin \u00e0 Bruxelles! C&rsquo;est vraiment froid! Apr\u00e8s un d\u00e9but d&rsquo;hiver cl\u00e9ment, limite inqui\u00e9tant avec des temp\u00e9ratures de 14\u00b0 en plein d\u00e9cembre, on croyait avoir chauss\u00e9 les pneus neige pour rien. Et bien, non! Toute l&rsquo;Europe se g\u00e8le, et Bruxelles ne fait pas exception. En g\u00e9n\u00e9ral, notre bonne vieille capitale fait plut\u00f4t exception &hellip; <\/p>\n<p class=\"link-more\"><a href=\"https:\/\/www.imparato.be\/emile\/2012\/02\/07\/11c\/\" class=\"more-link\">Continuer la lecture<span class=\"screen-reader-text\"> de &laquo;&nbsp;-11\u00b0C !&nbsp;&raquo;<\/span><\/a><\/p>\n","protected":false},"author":1,"featured_media":0,"comment_status":"open","ping_status":"open","sticky":false,"template":"","format":"standard","meta":{"footnotes":""},"categories":[4],"tags":[5],"class_list":["post-12","post","type-post","status-publish","format-standard","hentry","category-divers","tag-meteo"],"_links":{"self":[{"href":"https:\/\/www.imparato.be\/emile\/wp-json\/wp\/v2\/posts\/12","targetHints":{"allow":["GET"]}}],"collection":[{"href":"https:\/\/www.imparato.be\/emile\/wp-json\/wp\/v2\/posts"}],"about":[{"href":"https:\/\/www.imparato.be\/emile\/wp-json\/wp\/v2\/types\/post"}],"author":[{"embeddable":true,"href":"https:\/\/www.imparato.be\/emile\/wp-json\/wp\/v2\/users\/1"}],"replies":[{"embeddable":true,"href":"https:\/\/www.imparato.be\/emile\/wp-json\/wp\/v2\/comments?post=12"}],"version-history":[{"count":1,"href":"https:\/\/www.imparato.be\/emile\/wp-json\/wp\/v2\/posts\/12\/revisions"}],"predecessor-version":[{"id":14,"href":"https:\/\/www.imparato.be\/emile\/wp-json\/wp\/v2\/posts\/12\/revisions\/14"}],"wp:attachment":[{"href":"https:\/\/www.imparato.be\/emile\/wp-json\/wp\/v2\/media?parent=12"}],"wp:term":[{"taxonomy":"category","embeddable":true,"href":"https:\/\/www.imparato.be\/emile\/wp-json\/wp\/v2\/categories?post=12"},{"taxonomy":"post_tag","embeddable":true,"href":"https:\/\/www.imparato.be\/emile\/wp-json\/wp\/v2\/tags?post=12"}],"curies":[{"name":"wp","href":"https:\/\/api.w.org\/{rel}","templated":true}]}}